{"id":10481,"date":"2024-11-25T13:43:15","date_gmt":"2024-11-25T12:43:15","guid":{"rendered":"https:\/\/www.violencequefaire.ch\/?p=10481"},"modified":"2024-11-26T09:09:20","modified_gmt":"2024-11-26T08:09:20","slug":"16-days-of-activism-fighting-back-and-rebuilding-in-the-face-of-gender-based-violence","status":"publish","type":"post","link":"https:\/\/www.violencequefaire.ch\/en\/16-days-of-activism-fighting-back-and-rebuilding-in-the-face-of-gender-based-violence\/","title":{"rendered":"16 days of activism: Fighting back and rebuilding in the face of gender-based violence"},"content":{"rendered":"<p>Every year, from 25 November to 10 December, the <em>16 Days of Activism against Gender Violence <\/em>campaign brings together initiatives to raise awareness and take action against this scourge. This year, the theme <strong>&#8220;Responding and rebuilding after violence&#8221; <\/strong>highlights the need for individual support for victims and collective action to build a violence-free society.<\/p>\n<p><strong>An alarming reality<\/strong><\/p>\n<p>Every three weeks, a woman in Switzerland is beaten to death by her partner or an acquaintance. In 2023, victim support centres recorded more than <strong>49,000 consultations<\/strong>. Yet these figures reflect only part of the problem: many victims remain in the shadows, held back by fear of stigmatisation or lack of adequate support.<\/p>\n<p><strong>A campaign for all audiences<\/strong><\/p>\n<p>As part of this campaign, <strong>VIOLENCE QUE FAIRE <\/strong>will focus on the specific needs of migrant and allophone populations in French-speaking Switzerland and Ticino. Our campaign on social networks will provide concrete answers to crucial questions such as:<\/p>\n<ul>\n<li>How do you deal with domestic violence when you have no legal status or your residence permit depends on your partner?<\/li>\n<li>What recourse do LGBTQIA+ people have when faced with domestic violence?<\/li>\n<li>Where can I find support for undocumented family members in danger?<\/li>\n<\/ul>\n<p>Our aim is to give everyone access to reliable information and appropriate support, whatever their status or background.<\/p>\n<p><strong>Let&#8217;s commit to sustainable solutions<\/strong><\/p>\n<p>As well as raising awareness, the 16 Days campaign is a reminder of the urgent need to step up measures against gender-based violence:<\/p>\n<ul>\n<li>Increase the number of places in residential homes.<\/li>\n<li>Providing specialist training for professionals.<\/li>\n<li>Fully implement the Istanbul Convention to better protect victims.<\/li>\n<\/ul>\n<p><strong>VIOLENCE QUE FAIRE <\/strong>joins this call for a society where everyone can live without fear.<\/p>\n<p><strong>Resources for action and information<\/strong><\/p>\n<p>On our <a href=\"https:\/\/www.violencequefaire.ch\/en\/\"><b>violencequefaire.ch\/en<\/b><\/a> platform, we propose:<\/p>\n<ul>\n<li>A professional, anonymous and free online advice service, with a response time of 3 working days.<\/li>\n<li>Practical information to help you break the silence and find solutions tailored to each situation.<\/li>\n<\/ul>\n<p>To find out about all the events and initiatives taking place as part of the <em>16 Days of Activism<\/em><a href=\"https:\/\/www.16jours.ch\"><strong>, visit 16jours.ch<\/strong><\/a>.<\/p>\n","protected":false},"excerpt":{"rendered":"<p>Every year, from 25 November to 10 December, the 16 Days of Activism against Gender Violence campaign brings together initiatives to raise awareness and take action against this scourge. This [&hellip;]<\/p>\n","protected":false},"author":15,"featured_media":10455,"comment_status":"open","ping_status":"open","sticky":false,"template":"","format":"standard","meta":{"_acf_changed":false,"footnotes":""},"categories":[355,5],"tags":[],"class_list":["post-10481","post","type-post","status-publish","format-standard","has-post-thumbnail","hentry","category-sensibilisation-en","category-national"],"acf":[],"yoast_head":"<!-- This site is optimized with the Yoast SEO plugin v27.3 - https:\/\/yoast.com\/product\/yoast-seo-wordpress\/ -->\n<title>16 days of activism: Fighting back and rebuilding in the face of gender-based violence &#8226; Violence que faire ?<\/title>\n<meta name=\"description\" content=\"Every year, from 25 November to 10 December, the 16 Days of Activism against Gender Violence campaign brings together initiatives to raise awareness and take action against this scourge. This year, the theme &quot;Responding and rebuilding after violence&quot; highlights the need for individual support for victims and collective action to build a violence-free society.\" \/>\n<meta name=\"robots\" content=\"index, follow, max-snippet:-1, max-image-preview:large, max-video-preview:-1\" \/>\n<link rel=\"canonical\" href=\"https:\/\/www.violencequefaire.ch\/en\/16-days-of-activism-fighting-back-and-rebuilding-in-the-face-of-gender-based-violence\/\" \/>\n<meta property=\"og:locale\" content=\"en_US\" \/>\n<meta property=\"og:type\" content=\"article\" \/>\n<meta property=\"og:title\" content=\"16 days of activism: Fighting back and rebuilding in the face of gender-based violence &#8226; Violence que faire ?\" \/>\n<meta property=\"og:description\" content=\"Every year, from 25 November to 10 December, the 16 Days of Activism against Gender Violence campaign brings together initiatives to raise awareness and take action against this scourge. This year, the theme &quot;Responding and rebuilding after violence&quot; highlights the need for individual support for victims and collective action to build a violence-free society.\" \/>\n<meta property=\"og:url\" content=\"https:\/\/www.violencequefaire.ch\/en\/16-days-of-activism-fighting-back-and-rebuilding-in-the-face-of-gender-based-violence\/\" \/>\n<meta property=\"og:site_name\" content=\"Violence que faire ?\" \/>\n<meta property=\"article:published_time\" content=\"2024-11-25T12:43:15+00:00\" \/>\n<meta property=\"article:modified_time\" content=\"2024-11-26T08:09:20+00:00\" \/>\n<meta property=\"og:image\" content=\"https:\/\/www.violencequefaire.ch\/wp-content\/uploads\/2024\/11\/Italien-Anglais.png\" \/>\n\t<meta property=\"og:image:width\" content=\"1320\" \/>\n\t<meta property=\"og:image:height\" content=\"600\" \/>\n\t<meta property=\"og:image:type\" content=\"image\/png\" \/>\n<meta name=\"author\" content=\"v_hambaryan\" \/>\n<meta name=\"twitter:card\" content=\"summary_large_image\" \/>\n<meta name=\"twitter:label1\" content=\"Written by\" \/>\n\t<meta name=\"twitter:data1\" content=\"v_hambaryan\" \/>\n\t<meta name=\"twitter:label2\" content=\"Est. reading time\" \/>\n\t<meta name=\"twitter:data2\" content=\"2 minutes\" \/>\n<script type=\"application\/ld+json\" class=\"yoast-schema-graph\">{\"@context\":\"https:\\\/\\\/schema.org\",\"@graph\":[{\"@type\":\"Article\",\"@id\":\"https:\\\/\\\/www.violencequefaire.ch\\\/en\\\/16-days-of-activism-fighting-back-and-rebuilding-in-the-face-of-gender-based-violence\\\/#article\",\"isPartOf\":{\"@id\":\"https:\\\/\\\/www.violencequefaire.ch\\\/en\\\/16-days-of-activism-fighting-back-and-rebuilding-in-the-face-of-gender-based-violence\\\/\"},\"author\":{\"name\":\"v_hambaryan\",\"@id\":\"https:\\\/\\\/www.violencequefaire.ch\\\/en\\\/#\\\/schema\\\/person\\\/ff3bfdb1691314eac7ac13698c47ef17\"},\"headline\":\"16 days of activism: Fighting back and rebuilding in the face of gender-based violence\",\"datePublished\":\"2024-11-25T12:43:15+00:00\",\"dateModified\":\"2024-11-26T08:09:20+00:00\",\"mainEntityOfPage\":{\"@id\":\"https:\\\/\\\/www.violencequefaire.ch\\\/en\\\/16-days-of-activism-fighting-back-and-rebuilding-in-the-face-of-gender-based-violence\\\/\"},\"wordCount\":351,\"commentCount\":0,\"publisher\":{\"@id\":\"https:\\\/\\\/www.violencequefaire.ch\\\/en\\\/#organization\"},\"image\":{\"@id\":\"https:\\\/\\\/www.violencequefaire.ch\\\/en\\\/16-days-of-activism-fighting-back-and-rebuilding-in-the-face-of-gender-based-violence\\\/#primaryimage\"},\"thumbnailUrl\":\"https:\\\/\\\/www.violencequefaire.ch\\\/wp-content\\\/uploads\\\/2024\\\/11\\\/Italien-Anglais.png\",\"articleSection\":[\"Sensibilisation\",\"National\"],\"inLanguage\":\"en-US\"},{\"@type\":\"WebPage\",\"@id\":\"https:\\\/\\\/www.violencequefaire.ch\\\/en\\\/16-days-of-activism-fighting-back-and-rebuilding-in-the-face-of-gender-based-violence\\\/\",\"url\":\"https:\\\/\\\/www.violencequefaire.ch\\\/en\\\/16-days-of-activism-fighting-back-and-rebuilding-in-the-face-of-gender-based-violence\\\/\",\"name\":\"16 days of activism: Fighting back and rebuilding in the face of gender-based violence &#8226; Violence que faire ?\",\"isPartOf\":{\"@id\":\"https:\\\/\\\/www.violencequefaire.ch\\\/en\\\/#website\"},\"primaryImageOfPage\":{\"@id\":\"https:\\\/\\\/www.violencequefaire.ch\\\/en\\\/16-days-of-activism-fighting-back-and-rebuilding-in-the-face-of-gender-based-violence\\\/#primaryimage\"},\"image\":{\"@id\":\"https:\\\/\\\/www.violencequefaire.ch\\\/en\\\/16-days-of-activism-fighting-back-and-rebuilding-in-the-face-of-gender-based-violence\\\/#primaryimage\"},\"thumbnailUrl\":\"https:\\\/\\\/www.violencequefaire.ch\\\/wp-content\\\/uploads\\\/2024\\\/11\\\/Italien-Anglais.png\",\"datePublished\":\"2024-11-25T12:43:15+00:00\",\"dateModified\":\"2024-11-26T08:09:20+00:00\",\"description\":\"Every year, from 25 November to 10 December, the 16 Days of Activism against Gender Violence campaign brings together initiatives to raise awareness and take action against this scourge. This year, the theme \\\"Responding and rebuilding after violence\\\" highlights the need for individual support for victims and collective action to build a violence-free society.\",\"breadcrumb\":{\"@id\":\"https:\\\/\\\/www.violencequefaire.ch\\\/en\\\/16-days-of-activism-fighting-back-and-rebuilding-in-the-face-of-gender-based-violence\\\/#breadcrumb\"},\"inLanguage\":\"en-US\",\"potentialAction\":[{\"@type\":\"ReadAction\",\"target\":[\"https:\\\/\\\/www.violencequefaire.ch\\\/en\\\/16-days-of-activism-fighting-back-and-rebuilding-in-the-face-of-gender-based-violence\\\/\"]}]},{\"@type\":\"ImageObject\",\"inLanguage\":\"en-US\",\"@id\":\"https:\\\/\\\/www.violencequefaire.ch\\\/en\\\/16-days-of-activism-fighting-back-and-rebuilding-in-the-face-of-gender-based-violence\\\/#primaryimage\",\"url\":\"https:\\\/\\\/www.violencequefaire.ch\\\/wp-content\\\/uploads\\\/2024\\\/11\\\/Italien-Anglais.png\",\"contentUrl\":\"https:\\\/\\\/www.violencequefaire.ch\\\/wp-content\\\/uploads\\\/2024\\\/11\\\/Italien-Anglais.png\",\"width\":1320,\"height\":600},{\"@type\":\"BreadcrumbList\",\"@id\":\"https:\\\/\\\/www.violencequefaire.ch\\\/en\\\/16-days-of-activism-fighting-back-and-rebuilding-in-the-face-of-gender-based-violence\\\/#breadcrumb\",\"itemListElement\":[{\"@type\":\"ListItem\",\"position\":1,\"name\":\"Home\",\"item\":\"https:\\\/\\\/www.violencequefaire.ch\\\/en\\\/\"},{\"@type\":\"ListItem\",\"position\":2,\"name\":\"16 days of activism: Fighting back and rebuilding in the face of gender-based violence\"}]},{\"@type\":\"WebSite\",\"@id\":\"https:\\\/\\\/www.violencequefaire.ch\\\/en\\\/#website\",\"url\":\"https:\\\/\\\/www.violencequefaire.ch\\\/en\\\/\",\"name\":\"Violence que faire\",\"description\":\"Des sp\u00e9cialistes r\u00e9pondent personnellement \u00e0 vos questions anonymes sur la violence au sein du couple.\",\"publisher\":{\"@id\":\"https:\\\/\\\/www.violencequefaire.ch\\\/en\\\/#organization\"},\"alternateName\":\"Violenza Cosa Fare\",\"potentialAction\":[{\"@type\":\"SearchAction\",\"target\":{\"@type\":\"EntryPoint\",\"urlTemplate\":\"https:\\\/\\\/www.violencequefaire.ch\\\/en\\\/?s={search_term_string}\"},\"query-input\":{\"@type\":\"PropertyValueSpecification\",\"valueRequired\":true,\"valueName\":\"search_term_string\"}}],\"inLanguage\":\"en-US\"},{\"@type\":\"Organization\",\"@id\":\"https:\\\/\\\/www.violencequefaire.ch\\\/en\\\/#organization\",\"name\":\"Violence que faire ?\",\"url\":\"https:\\\/\\\/www.violencequefaire.ch\\\/en\\\/\",\"logo\":{\"@type\":\"ImageObject\",\"inLanguage\":\"en-US\",\"@id\":\"https:\\\/\\\/www.violencequefaire.ch\\\/en\\\/#\\\/schema\\\/logo\\\/image\\\/\",\"url\":\"https:\\\/\\\/www.violencequefaire.ch\\\/wp-content\\\/uploads\\\/2022\\\/04\\\/VQF_LOGO_neutre.jpg\",\"contentUrl\":\"https:\\\/\\\/www.violencequefaire.ch\\\/wp-content\\\/uploads\\\/2022\\\/04\\\/VQF_LOGO_neutre.jpg\",\"width\":253,\"height\":376,\"caption\":\"Violence que faire ?\"},\"image\":{\"@id\":\"https:\\\/\\\/www.violencequefaire.ch\\\/en\\\/#\\\/schema\\\/logo\\\/image\\\/\"}},{\"@type\":\"Person\",\"@id\":\"https:\\\/\\\/www.violencequefaire.ch\\\/en\\\/#\\\/schema\\\/person\\\/ff3bfdb1691314eac7ac13698c47ef17\",\"name\":\"v_hambaryan\",\"image\":{\"@type\":\"ImageObject\",\"inLanguage\":\"en-US\",\"@id\":\"https:\\\/\\\/secure.gravatar.com\\\/avatar\\\/7da1d8654e3b4a1edc53f9fae1cb482723325ae5d07a57c25b00c7dfa9d0ea01?s=96&d=mm&r=g\",\"url\":\"https:\\\/\\\/secure.gravatar.com\\\/avatar\\\/7da1d8654e3b4a1edc53f9fae1cb482723325ae5d07a57c25b00c7dfa9d0ea01?s=96&d=mm&r=g\",\"contentUrl\":\"https:\\\/\\\/secure.gravatar.com\\\/avatar\\\/7da1d8654e3b4a1edc53f9fae1cb482723325ae5d07a57c25b00c7dfa9d0ea01?s=96&d=mm&r=g\",\"caption\":\"v_hambaryan\"},\"url\":\"https:\\\/\\\/www.violencequefaire.ch\\\/en\\\/author\\\/v_hambaryan\\\/\"}]}<\/script>\n<!-- \/ Yoast SEO plugin. -->","yoast_head_json":{"title":"16 days of activism: Fighting back and rebuilding in the face of gender-based violence &#8226; Violence que faire ?","description":"Every year, from 25 November to 10 December, the 16 Days of Activism against Gender Violence campaign brings together initiatives to raise awareness and take action against this scourge. This year, the theme \"Responding and rebuilding after violence\" highlights the need for individual support for victims and collective action to build a violence-free society.","robots":{"index":"index","follow":"follow","max-snippet":"max-snippet:-1","max-image-preview":"max-image-preview:large","max-video-preview":"max-video-preview:-1"},"canonical":"https:\/\/www.violencequefaire.ch\/en\/16-days-of-activism-fighting-back-and-rebuilding-in-the-face-of-gender-based-violence\/","og_locale":"en_US","og_type":"article","og_title":"16 days of activism: Fighting back and rebuilding in the face of gender-based violence &#8226; Violence que faire ?","og_description":"Every year, from 25 November to 10 December, the 16 Days of Activism against Gender Violence campaign brings together initiatives to raise awareness and take action against this scourge. This year, the theme \"Responding and rebuilding after violence\" highlights the need for individual support for victims and collective action to build a violence-free society.","og_url":"https:\/\/www.violencequefaire.ch\/en\/16-days-of-activism-fighting-back-and-rebuilding-in-the-face-of-gender-based-violence\/","og_site_name":"Violence que faire ?","article_published_time":"2024-11-25T12:43:15+00:00","article_modified_time":"2024-11-26T08:09:20+00:00","og_image":[{"width":1320,"height":600,"url":"https:\/\/www.violencequefaire.ch\/wp-content\/uploads\/2024\/11\/Italien-Anglais.png","type":"image\/png"}],"author":"v_hambaryan","twitter_card":"summary_large_image","twitter_misc":{"Written by":"v_hambaryan","Est. reading time":"2 minutes"},"schema":{"@context":"https:\/\/schema.org","@graph":[{"@type":"Article","@id":"https:\/\/www.violencequefaire.ch\/en\/16-days-of-activism-fighting-back-and-rebuilding-in-the-face-of-gender-based-violence\/#article","isPartOf":{"@id":"https:\/\/www.violencequefaire.ch\/en\/16-days-of-activism-fighting-back-and-rebuilding-in-the-face-of-gender-based-violence\/"},"author":{"name":"v_hambaryan","@id":"https:\/\/www.violencequefaire.ch\/en\/#\/schema\/person\/ff3bfdb1691314eac7ac13698c47ef17"},"headline":"16 days of activism: Fighting back and rebuilding in the face of gender-based violence","datePublished":"2024-11-25T12:43:15+00:00","dateModified":"2024-11-26T08:09:20+00:00","mainEntityOfPage":{"@id":"https:\/\/www.violencequefaire.ch\/en\/16-days-of-activism-fighting-back-and-rebuilding-in-the-face-of-gender-based-violence\/"},"wordCount":351,"commentCount":0,"publisher":{"@id":"https:\/\/www.violencequefaire.ch\/en\/#organization"},"image":{"@id":"https:\/\/www.violencequefaire.ch\/en\/16-days-of-activism-fighting-back-and-rebuilding-in-the-face-of-gender-based-violence\/#primaryimage"},"thumbnailUrl":"https:\/\/www.violencequefaire.ch\/wp-content\/uploads\/2024\/11\/Italien-Anglais.png","articleSection":["Sensibilisation","National"],"inLanguage":"en-US"},{"@type":"WebPage","@id":"https:\/\/www.violencequefaire.ch\/en\/16-days-of-activism-fighting-back-and-rebuilding-in-the-face-of-gender-based-violence\/","url":"https:\/\/www.violencequefaire.ch\/en\/16-days-of-activism-fighting-back-and-rebuilding-in-the-face-of-gender-based-violence\/","name":"16 days of activism: Fighting back and rebuilding in the face of gender-based violence &#8226; Violence que faire ?","isPartOf":{"@id":"https:\/\/www.violencequefaire.ch\/en\/#website"},"primaryImageOfPage":{"@id":"https:\/\/www.violencequefaire.ch\/en\/16-days-of-activism-fighting-back-and-rebuilding-in-the-face-of-gender-based-violence\/#primaryimage"},"image":{"@id":"https:\/\/www.violencequefaire.ch\/en\/16-days-of-activism-fighting-back-and-rebuilding-in-the-face-of-gender-based-violence\/#primaryimage"},"thumbnailUrl":"https:\/\/www.violencequefaire.ch\/wp-content\/uploads\/2024\/11\/Italien-Anglais.png","datePublished":"2024-11-25T12:43:15+00:00","dateModified":"2024-11-26T08:09:20+00:00","description":"Every year, from 25 November to 10 December, the 16 Days of Activism against Gender Violence campaign brings together initiatives to raise awareness and take action against this scourge. This year, the theme \"Responding and rebuilding after violence\" highlights the need for individual support for victims and collective action to build a violence-free society.","breadcrumb":{"@id":"https:\/\/www.violencequefaire.ch\/en\/16-days-of-activism-fighting-back-and-rebuilding-in-the-face-of-gender-based-violence\/#breadcrumb"},"inLanguage":"en-US","potentialAction":[{"@type":"ReadAction","target":["https:\/\/www.violencequefaire.ch\/en\/16-days-of-activism-fighting-back-and-rebuilding-in-the-face-of-gender-based-violence\/"]}]},{"@type":"ImageObject","inLanguage":"en-US","@id":"https:\/\/www.violencequefaire.ch\/en\/16-days-of-activism-fighting-back-and-rebuilding-in-the-face-of-gender-based-violence\/#primaryimage","url":"https:\/\/www.violencequefaire.ch\/wp-content\/uploads\/2024\/11\/Italien-Anglais.png","contentUrl":"https:\/\/www.violencequefaire.ch\/wp-content\/uploads\/2024\/11\/Italien-Anglais.png","width":1320,"height":600},{"@type":"BreadcrumbList","@id":"https:\/\/www.violencequefaire.ch\/en\/16-days-of-activism-fighting-back-and-rebuilding-in-the-face-of-gender-based-violence\/#breadcrumb","itemListElement":[{"@type":"ListItem","position":1,"name":"Home","item":"https:\/\/www.violencequefaire.ch\/en\/"},{"@type":"ListItem","position":2,"name":"16 days of activism: Fighting back and rebuilding in the face of gender-based violence"}]},{"@type":"WebSite","@id":"https:\/\/www.violencequefaire.ch\/en\/#website","url":"https:\/\/www.violencequefaire.ch\/en\/","name":"Violence que faire","description":"Des sp\u00e9cialistes r\u00e9pondent personnellement \u00e0 vos questions anonymes sur la violence au sein du couple.","publisher":{"@id":"https:\/\/www.violencequefaire.ch\/en\/#organization"},"alternateName":"Violenza Cosa Fare","potentialAction":[{"@type":"SearchAction","target":{"@type":"EntryPoint","urlTemplate":"https:\/\/www.violencequefaire.ch\/en\/?s={search_term_string}"},"query-input":{"@type":"PropertyValueSpecification","valueRequired":true,"valueName":"search_term_string"}}],"inLanguage":"en-US"},{"@type":"Organization","@id":"https:\/\/www.violencequefaire.ch\/en\/#organization","name":"Violence que faire ?","url":"https:\/\/www.violencequefaire.ch\/en\/","logo":{"@type":"ImageObject","inLanguage":"en-US","@id":"https:\/\/www.violencequefaire.ch\/en\/#\/schema\/logo\/image\/","url":"https:\/\/www.violencequefaire.ch\/wp-content\/uploads\/2022\/04\/VQF_LOGO_neutre.jpg","contentUrl":"https:\/\/www.violencequefaire.ch\/wp-content\/uploads\/2022\/04\/VQF_LOGO_neutre.jpg","width":253,"height":376,"caption":"Violence que faire ?"},"image":{"@id":"https:\/\/www.violencequefaire.ch\/en\/#\/schema\/logo\/image\/"}},{"@type":"Person","@id":"https:\/\/www.violencequefaire.ch\/en\/#\/schema\/person\/ff3bfdb1691314eac7ac13698c47ef17","name":"v_hambaryan","image":{"@type":"ImageObject","inLanguage":"en-US","@id":"https:\/\/secure.gravatar.com\/avatar\/7da1d8654e3b4a1edc53f9fae1cb482723325ae5d07a57c25b00c7dfa9d0ea01?s=96&d=mm&r=g","url":"https:\/\/secure.gravatar.com\/avatar\/7da1d8654e3b4a1edc53f9fae1cb482723325ae5d07a57c25b00c7dfa9d0ea01?s=96&d=mm&r=g","contentUrl":"https:\/\/secure.gravatar.com\/avatar\/7da1d8654e3b4a1edc53f9fae1cb482723325ae5d07a57c25b00c7dfa9d0ea01?s=96&d=mm&r=g","caption":"v_hambaryan"},"url":"https:\/\/www.violencequefaire.ch\/en\/author\/v_hambaryan\/"}]}},"_links":{"self":[{"href":"https:\/\/www.violencequefaire.ch\/en\/wp-json\/wp\/v2\/posts\/10481","targetHints":{"allow":["GET"]}}],"collection":[{"href":"https:\/\/www.violencequefaire.ch\/en\/wp-json\/wp\/v2\/posts"}],"about":[{"href":"https:\/\/www.violencequefaire.ch\/en\/wp-json\/wp\/v2\/types\/post"}],"author":[{"embeddable":true,"href":"https:\/\/www.violencequefaire.ch\/en\/wp-json\/wp\/v2\/users\/15"}],"replies":[{"embeddable":true,"href":"https:\/\/www.violencequefaire.ch\/en\/wp-json\/wp\/v2\/comments?post=10481"}],"version-history":[{"count":6,"href":"https:\/\/www.violencequefaire.ch\/en\/wp-json\/wp\/v2\/posts\/10481\/revisions"}],"predecessor-version":[{"id":10511,"href":"https:\/\/www.violencequefaire.ch\/en\/wp-json\/wp\/v2\/posts\/10481\/revisions\/10511"}],"wp:featuredmedia":[{"embeddable":true,"href":"https:\/\/www.violencequefaire.ch\/en\/wp-json\/wp\/v2\/media\/10455"}],"wp:attachment":[{"href":"https:\/\/www.violencequefaire.ch\/en\/wp-json\/wp\/v2\/media?parent=10481"}],"wp:term":[{"taxonomy":"category","embeddable":true,"href":"https:\/\/www.violencequefaire.ch\/en\/wp-json\/wp\/v2\/categories?post=10481"},{"taxonomy":"post_tag","embeddable":true,"href":"https:\/\/www.violencequefaire.ch\/en\/wp-json\/wp\/v2\/tags?post=10481"}],"curies":[{"name":"wp","href":"https:\/\/api.w.org\/{rel}","templated":true}]}}